{"id":1958,"date":"2018-11-04T22:20:36","date_gmt":"2018-11-04T21:20:36","guid":{"rendered":"http:\/\/www.indoorcycling-marathon.de\/?p=1958"},"modified":"2018-11-04T22:20:36","modified_gmt":"2018-11-04T21:20:36","slug":"anmeldung-oeffnet-am-11-11-um-11-11-uhr","status":"publish","type":"post","link":"https:\/\/www.indoorcycling-marathon.de\/?p=1958","title":{"rendered":"Anmeldung \u00f6ffnet am 11.11. um 11.11 Uhr"},"content":{"rendered":"<p>Servus zusammen,<\/p>\n<p>4 &#8211; 3 &#8211; 2 &#8211; 1 und los geht&#8217;s. Wir freuen uns, euch zum 12. Indoorcycling-Marathon des R.C. Radlexpress Feucht e.V. vom <strong>09. auf den 10. Februar 2019<\/strong> in der Moosbacher B\u00fcrgerhalle einladen zu d\u00fcrfen.<\/p>\n<p>Wir werden uns, euch und damit dem famili\u00e4ren Charakter der Veranstaltung treu bleiben und nicht noch mehr R\u00e4der in die Halle quetschen. Deswegen hei\u00dft es wieder fix sein, denn die Teamr\u00e4der werden wohl wieder schnell vergeben sein.<\/p>\n<p><strong>Die Anmeldung startet traditionell am 11. November um 11.11 Uhr<\/strong>.<\/p>\n<p>Bitte macht euch noch einmal bewusst, dass der ICM eine Marathon-Veranstaltung ist (das sagt ja schon der Name). D.h. er dauert etwas l\u00e4nger (n\u00e4mlich 24 Stunden) und der einzelne Fahrer darf von einer bis zu 24 Stunden in die Pedale treten. So weit, so gut. Wer aber nicht 24h treten kann, darf oder m\u00f6chte, bildet ein Team und teilt sich sein Rad mit seinen Mitstreitern auf. Das ist dann quasi eine Staffel.<br \/>\nD.h. wir bitten euch auch in diesem Jahr wieder, nicht aufgrund der g\u00fcnstigen Startgeb\u00fchren f\u00fcr euch und eure Kumpels einfach mal einen Schwung Team-R\u00e4der parallel zu buchen. Die sind dann zu den angenehmen Zeiten voll belegt und nachts schaut&#8217;s in der Halle dann d\u00fcnn aus. Bitte geht diesbez\u00fcglich nochmal in euch, seht euch als Team, das am Ende stolz darauf sein kann, dass sein Rad 24h lang bewegt wurde. Danke!<\/p>\n<p>Ein besonderer Hinweis sei gleich nochmal auf unsere &#8222;Nachtschicht&#8220;: Einzelstarter, die in den Stunden ab 2.00, 3.00, 4.00 und 5.00 Uhr starten, d\u00fcrfen dies f\u00fcr schlappe 3,- Euro\/Stunde tun.<\/p>\n<p>Wir haben unser Meldewesen in diesem Jahr geringf\u00fcgig ver\u00e4ndert. Wir machen das Ganze ab heuer mit einer Doodle-Liste. Das hat insbesondere f\u00fcr die Einzelstarter den Vorteil, dass sie sofort und aktuell sehen, zu welchen Zeiten noch einzelne R\u00e4der frei sind. Ab \u00d6ffnung der Online-Anmeldung werden euch rechts die entsprechenden Links zur Verf\u00fcgung stehen. Einmal f\u00fcr die Team- bzw. 24h-Starter-Meldung, einmal f\u00fcr die Einzelstartermeldung und einmal f\u00fcr die Handtuchbestellung. Wir haben das Ganze nat\u00fcrlich im Voraus getestet und hoffen, dass uns zum &#8222;Ansturm&#8220; der Server nicht in die Knie geht!<\/p>\n<p>Wir freuen uns auf Moosbach 2019!<\/p>\n<p>Mit sportlichen Gr\u00fc\u00dfen<\/p>\n<p>Euer ICM-Orga-Team<\/p>\n","protected":false},"excerpt":{"rendered":"<p>Servus zusammen, 4 &#8211; 3 &#8211; 2 &#8211; 1 und los geht&#8217;s. Wir freuen uns, euch zum 12. Indoorcycling-Marathon des R.C. Radlexpress Feucht e.V. vom 09. auf den 10. Februar 2019 in der Moosbacher B\u00fcrgerhalle einladen zu d\u00fcrfen. Wir werden uns, euch und damit dem famili\u00e4ren Charakter der Veranstaltung treu bleiben und nicht noch mehr [&hellip;]<\/p>\n","protected":false},"author":3,"featured_media":0,"comment_status":"closed","ping_status":"open","sticky":false,"template":"","format":"standard","meta":{"footnotes":""},"categories":[1],"tags":[],"_links":{"self":[{"href":"https:\/\/www.indoorcycling-marathon.de\/index.php?rest_route=\/wp\/v2\/posts\/1958"}],"collection":[{"href":"https:\/\/www.indoorcycling-marathon.de\/index.php?rest_route=\/wp\/v2\/posts"}],"about":[{"href":"https:\/\/www.indoorcycling-marathon.de\/index.php?rest_route=\/wp\/v2\/types\/post"}],"author":[{"embeddable":true,"href":"https:\/\/www.indoorcycling-marathon.de\/index.php?rest_route=\/wp\/v2\/users\/3"}],"replies":[{"embeddable":true,"href":"https:\/\/www.indoorcycling-marathon.de\/index.php?rest_route=%2Fwp%2Fv2%2Fcomments&post=1958"}],"version-history":[{"count":3,"href":"https:\/\/www.indoorcycling-marathon.de\/index.php?rest_route=\/wp\/v2\/posts\/1958\/revisions"}],"predecessor-version":[{"id":1961,"href":"https:\/\/www.indoorcycling-marathon.de\/index.php?rest_route=\/wp\/v2\/posts\/1958\/revisions\/1961"}],"wp:attachment":[{"href":"https:\/\/www.indoorcycling-marathon.de\/index.php?rest_route=%2Fwp%2Fv2%2Fmedia&parent=1958"}],"wp:term":[{"taxonomy":"category","embeddable":true,"href":"https:\/\/www.indoorcycling-marathon.de\/index.php?rest_route=%2Fwp%2Fv2%2Fcategories&post=1958"},{"taxonomy":"post_tag","embeddable":true,"href":"https:\/\/www.indoorcycling-marathon.de\/index.php?rest_route=%2Fwp%2Fv2%2Ftags&post=1958"}],"curies":[{"name":"wp","href":"https:\/\/api.w.org\/{rel}","templated":true}]}}