{"id":2045,"date":"2020-02-03T21:15:37","date_gmt":"2020-02-03T20:15:37","guid":{"rendered":"http:\/\/www.indoorcycling-marathon.de\/?p=2045"},"modified":"2020-02-03T21:17:30","modified_gmt":"2020-02-03T20:17:30","slug":"danke-schoen","status":"publish","type":"post","link":"https:\/\/www.indoorcycling-marathon.de\/?p=2045","title":{"rendered":"Danke sch\u00f6n"},"content":{"rendered":"\n<p>An alle Radlerinnen und Radler,<br>an alle Helferinnen und Helfer,<br>an alle, die mit uns das 13. Indoorcycling-Marathon-Wochenende verbracht haben,<\/p>\n\n\n\n<p>danke f\u00fcr ein tolles Miteinander und eine sch\u00f6ne Zeit! Gemeinsam haben wir das letzte Wochenende zu dem gemacht, was es war. Ein gemeinschaftlich organisiertes und getragenes Event. Zahlreiche helfende H\u00e4nde packten vor und nach der Veranstaltung vor und hinter den Kulissen mit an. Alle Teilnehmer trugen durch ihr sportliches und faires Verhalten dazu bei, dass der ICM 2020 reibungslos und st\u00f6rungsfrei ablaufen konnte. <\/p>\n\n\n\n<p>Wir werden in den n\u00e4chsten Tagen damit beginnen, die Fotos nach und nach in eine Galerie zu laden, damit ihr sie dort einsehen k\u00f6nnt. Bitte seht uns nach, dass wir die Masse an Fotos nicht alle im Voraus sichten k\u00f6nnen. D.h. sollte sich jemand unvorteilhaft getroffen f\u00fchlen, schreibt er bitte eine kurze Mail mit Angabe, wo das Foto zu finden ist an <a href=\"mailto:info@indoorcycling-marathon.de\">info@indoorcycling-marathon.de<\/a>. Wir werden das Foto dann l\u00f6schen.<\/p>\n\n\n\n<p>Wir haben in diesem Jahr eine fast schon rekordverd\u00e4chtige Anzahl an Fundsachen. Von Radschuhen \u00fcber Handt\u00fccher bis zu Kulturbeuteln findet sich so manches in unserer Fundgrube. Wer etwas vermisst schreibt bitte ebenfalls eine kurze Mail an oben genannte Adresse. Wir werden uns dann mit euch in Verbindung setzen.<\/p>\n\n\n\n<p>Au\u00dferdem sind wir f\u00fcr W\u00fcnsche und Kritik immer offen. Sollte es von eurer Seite hierzu Anmerkungen geben, bitte auch kurze Mail an &#8211; ratet mal, genau &#8211; oben genannte Adresse.<\/p>\n\n\n\n<p>Bleibt uns nur noch, euch eine verletzungsfreie und spannende Rad-, Triathlon- oder sonstige Sportsaison 2020 zu w\u00fcnschen. Wir sehen uns!<\/p>\n\n\n\n<p>Sportliche Gr\u00fc\u00dfe<br>Eure ICM-Orgas vom Radlexpress<\/p>\n\n\n\n<figure class=\"wp-block-image size-large\"><img loading=\"lazy\" decoding=\"async\" width=\"1024\" height=\"437\" src=\"http:\/\/www.indoorcycling-marathon.de\/wp-content\/uploads\/IndoorTotaleWeb-1024x437.jpg\" alt=\"\" class=\"wp-image-2047\" srcset=\"https:\/\/www.indoorcycling-marathon.de\/wp-content\/uploads\/IndoorTotaleWeb-1024x437.jpg 1024w, https:\/\/www.indoorcycling-marathon.de\/wp-content\/uploads\/IndoorTotaleWeb-300x128.jpg 300w, https:\/\/www.indoorcycling-marathon.de\/wp-content\/uploads\/IndoorTotaleWeb-768x328.jpg 768w, https:\/\/www.indoorcycling-marathon.de\/wp-content\/uploads\/IndoorTotaleWeb.jpg 1417w\" sizes=\"(max-width: 1024px) 100vw, 1024px\" \/><figcaption>(c) by Herbert Bauer<\/figcaption><\/figure>\n","protected":false},"excerpt":{"rendered":"<p>An alle Radlerinnen und Radler,an alle Helferinnen und Helfer,an alle, die mit uns das 13. Indoorcycling-Marathon-Wochenende verbracht haben, danke f\u00fcr ein tolles Miteinander und eine sch\u00f6ne Zeit! Gemeinsam haben wir das letzte Wochenende zu dem gemacht, was es war. Ein gemeinschaftlich organisiertes und getragenes Event. Zahlreiche helfende H\u00e4nde packten vor und nach der Veranstaltung vor [&hellip;]<\/p>\n","protected":false},"author":3,"featured_media":0,"comment_status":"closed","ping_status":"open","sticky":false,"template":"","format":"standard","meta":{"footnotes":""},"categories":[1],"tags":[],"_links":{"self":[{"href":"https:\/\/www.indoorcycling-marathon.de\/index.php?rest_route=\/wp\/v2\/posts\/2045"}],"collection":[{"href":"https:\/\/www.indoorcycling-marathon.de\/index.php?rest_route=\/wp\/v2\/posts"}],"about":[{"href":"https:\/\/www.indoorcycling-marathon.de\/index.php?rest_route=\/wp\/v2\/types\/post"}],"author":[{"embeddable":true,"href":"https:\/\/www.indoorcycling-marathon.de\/index.php?rest_route=\/wp\/v2\/users\/3"}],"replies":[{"embeddable":true,"href":"https:\/\/www.indoorcycling-marathon.de\/index.php?rest_route=%2Fwp%2Fv2%2Fcomments&post=2045"}],"version-history":[{"count":3,"href":"https:\/\/www.indoorcycling-marathon.de\/index.php?rest_route=\/wp\/v2\/posts\/2045\/revisions"}],"predecessor-version":[{"id":2050,"href":"https:\/\/www.indoorcycling-marathon.de\/index.php?rest_route=\/wp\/v2\/posts\/2045\/revisions\/2050"}],"wp:attachment":[{"href":"https:\/\/www.indoorcycling-marathon.de\/index.php?rest_route=%2Fwp%2Fv2%2Fmedia&parent=2045"}],"wp:term":[{"taxonomy":"category","embeddable":true,"href":"https:\/\/www.indoorcycling-marathon.de\/index.php?rest_route=%2Fwp%2Fv2%2Fcategories&post=2045"},{"taxonomy":"post_tag","embeddable":true,"href":"https:\/\/www.indoorcycling-marathon.de\/index.php?rest_route=%2Fwp%2Fv2%2Ftags&post=2045"}],"curies":[{"name":"wp","href":"https:\/\/api.w.org\/{rel}","templated":true}]}}