{"id":2081,"date":"2023-12-15T13:41:49","date_gmt":"2023-12-15T12:41:49","guid":{"rendered":"https:\/\/www.indoorcycling-marathon.de\/?p=2081"},"modified":"2023-12-22T09:43:54","modified_gmt":"2023-12-22T08:43:54","slug":"anmeldung-14-icm-2024-am-17-02-2024","status":"publish","type":"post","link":"https:\/\/www.indoorcycling-marathon.de\/?p=2081","title":{"rendered":"Anmeldung 14. ICM 2024 am 17.02.2024"},"content":{"rendered":"\n<p>Wir freuen uns, euch zum 14. Indoorcycling-Marathon des R.C. Radlexpress Feucht e.V. am <br><strong>17. Februar 2024<\/strong> in der Moosbacher B\u00fcrgerhalle einladen zu d\u00fcrfen. Wie bereits geschrieben wollen wir dieses Jahr mit 12 Stunden und 50 R\u00e4dern nach 3 Jahren Pause &#8222;neu starten&#8220;. Neben den sportlichen Aspekt wollen wir auch wieder <strong>Spenden f\u00fcr die Tafel N\u00fcrnberger Land <\/strong>sammeln. Hierzu steht am Veranstaltungstag eine Spendenbox in der B\u00fcrgerhalle. <\/p>\n\n\n\n<p>Start: 17.2.24 um 10:00 Uhr<\/p>\n\n\n\n<p><strong>Anmeldung:<\/strong><\/p>\n\n\n\n<p>Wie die letzten Jahr machen wir das Ganze wieder mit einer Online-Liste. Das hat insbesondere f\u00fcr die Einzelstarter den Vorteil, dass sie sofort und aktuell sehen, zu welchen Zeiten noch einzelne R\u00e4der frei sind. <\/p>\n\n\n\n<p><a href=\"https:\/\/xoyondo.com\/dp\/wvpkq2bjmnw9suz\">Einzelstarteranmeldung (stundenweise)<\/a><\/p>\n\n\n\n<p><a href=\"https:\/\/xoyondo.com\/su\/3op0e19hnvkctp1\">Anmeldung Team-\/oder 12h-Einzelstarter-Rad<\/a><\/p>\n\n\n\n<p><strong>Anmeldegeb\u00fchren<\/strong><br><strong>Einzelstarter:<\/strong> 8,- \u20ac \/ pro Stunde<br><strong>Team und 12h-Einzelstarter:<\/strong> 80,- \u20ac \/ f\u00fcr 12 Stunden<\/p>\n\n\n\n<p>Die Anmeldegeb\u00fchr dient zur Deckung der Unkosten. \u00dcbersch\u00fcsse kommen dem Radlexpress zu Gute.<\/p>\n\n\n\n<p><strong>Bitte \u00fcberweise die Anmeldegeb\u00fchr auf folgendes Konto:<\/strong><\/p>\n\n\n\n<p>R.C. Radlexpress Feucht e.V.<\/p>\n\n\n\n<p>IBAN: DE58760501010012134466<br>BIC: SSKNDE77XXX<br>Bank: Sparkasse N\u00fcrnberg<\/p>\n\n\n\n<p><\/p>\n\n\n\n<p><\/p>\n","protected":false},"excerpt":{"rendered":"<p>Wir freuen uns, euch zum 14. Indoorcycling-Marathon des R.C. Radlexpress Feucht e.V. am 17. Februar 2024 in der Moosbacher B\u00fcrgerhalle einladen zu d\u00fcrfen. Wie bereits geschrieben wollen wir dieses Jahr mit 12 Stunden und 50 R\u00e4dern nach 3 Jahren Pause &#8222;neu starten&#8220;. Neben den sportlichen Aspekt wollen wir auch wieder Spenden f\u00fcr die Tafel N\u00fcrnberger [&hellip;]<\/p>\n","protected":false},"author":1,"featured_media":0,"comment_status":"closed","ping_status":"open","sticky":false,"template":"","format":"standard","meta":{"footnotes":""},"categories":[1],"tags":[],"_links":{"self":[{"href":"https:\/\/www.indoorcycling-marathon.de\/index.php?rest_route=\/wp\/v2\/posts\/2081"}],"collection":[{"href":"https:\/\/www.indoorcycling-marathon.de\/index.php?rest_route=\/wp\/v2\/posts"}],"about":[{"href":"https:\/\/www.indoorcycling-marathon.de\/index.php?rest_route=\/wp\/v2\/types\/post"}],"author":[{"embeddable":true,"href":"https:\/\/www.indoorcycling-marathon.de\/index.php?rest_route=\/wp\/v2\/users\/1"}],"replies":[{"embeddable":true,"href":"https:\/\/www.indoorcycling-marathon.de\/index.php?rest_route=%2Fwp%2Fv2%2Fcomments&post=2081"}],"version-history":[{"count":3,"href":"https:\/\/www.indoorcycling-marathon.de\/index.php?rest_route=\/wp\/v2\/posts\/2081\/revisions"}],"predecessor-version":[{"id":2085,"href":"https:\/\/www.indoorcycling-marathon.de\/index.php?rest_route=\/wp\/v2\/posts\/2081\/revisions\/2085"}],"wp:attachment":[{"href":"https:\/\/www.indoorcycling-marathon.de\/index.php?rest_route=%2Fwp%2Fv2%2Fmedia&parent=2081"}],"wp:term":[{"taxonomy":"category","embeddable":true,"href":"https:\/\/www.indoorcycling-marathon.de\/index.php?rest_route=%2Fwp%2Fv2%2Fcategories&post=2081"},{"taxonomy":"post_tag","embeddable":true,"href":"https:\/\/www.indoorcycling-marathon.de\/index.php?rest_route=%2Fwp%2Fv2%2Ftags&post=2081"}],"curies":[{"name":"wp","href":"https:\/\/api.w.org\/{rel}","templated":true}]}}